{"id":1167,"date":"2024-02-09T07:21:54","date_gmt":"2024-02-09T07:21:54","guid":{"rendered":"https:\/\/kitscomunicacion.com\/?p=1167"},"modified":"2024-02-09T07:21:55","modified_gmt":"2024-02-09T07:21:55","slug":"marketing-digital-en-valencia-conectando-tu-marca-con-el-mundo","status":"publish","type":"post","link":"https:\/\/kitscomunicacion.com\/index.php\/2024\/02\/09\/marketing-digital-en-valencia-conectando-tu-marca-con-el-mundo\/","title":{"rendered":"Marketing Digital en Valencia: Conectando tu Marca con el Mundo"},"content":{"rendered":"\n<h3 class=\"wp-block-heading\"><\/h3>\n\n\n\n<p><strong>En [Nombre de la Empresa], somos tu puente hacia el \u00e9xito digital en Valencia.<\/strong> Nuestra pasi\u00f3n por la innovaci\u00f3n y nuestro profundo conocimiento del mercado local nos convierten en el aliado perfecto para tu negocio. Desde las vibrantes calles de Ciutat Vella hasta la innovadora Ciudad de las Artes y las Ciencias, Valencia es un crisol de cultura, arte y tecnolog\u00eda. Nos inspiramos en esta diversidad para crear estrategias de marketing digital que resuenen con tu audiencia y amplifiquen tu mensaje a nivel global.<\/p>\n\n\n\n<p>Ofrecemos una gama completa de servicios, incluyendo SEO, marketing en redes sociales, publicidad PPC, y dise\u00f1o web, todos personalizados para destacar tu marca en el competitivo mercado digital. Nuestro enfoque se centra en generar resultados tangibles, aumentar tu visibilidad en l\u00ednea y conectar con tu p\u00fablico de manera aut\u00e9ntica y memorable.<\/p>\n\n\n\n<p><strong>\u00bfListo para transformar tu presencia digital en Valencia?<\/strong> Descubre c\u00f3mo podemos ayudarte a alcanzar tus objetivos y llevar tu negocio al siguiente nivel. Contacta con [Nombre de la Empresa] hoy mismo.<\/p>\n","protected":false},"excerpt":{"rendered":"<p>En [Nombre de la Empresa], somos tu puente hacia el \u00e9xito digital en Valencia. Nuestra pasi\u00f3n por la innovaci\u00f3n y nuestro profundo conocimiento del mercado local nos convierten en el aliado perfecto para tu negocio. Desde las vibrantes calles de Ciutat Vella hasta la innovadora Ciudad de las Artes y las Ciencias, Valencia es un [&hellip;]<\/p>\n","protected":false},"author":1,"featured_media":1169,"comment_status":"open","ping_status":"closed","sticky":false,"template":"","format":"standard","meta":{"zakra_page_container_layout":"customizer","zakra_page_sidebar_layout":"customizer","zakra_remove_content_margin":false,"zakra_sidebar":"customizer","zakra_transparent_header":"customizer","zakra_logo":0,"zakra_main_header_style":"default","zakra_menu_item_color":"","zakra_menu_item_hover_color":"","zakra_menu_item_active_color":"","zakra_menu_active_style":"","zakra_page_header":true,"footnotes":""},"categories":[6],"tags":[],"class_list":["post-1167","post","type-post","status-publish","format-standard","has-post-thumbnail","hentry","category-social-media"],"yoast_head":"<!-- This site is optimized with the Yoast SEO plugin v27.5 - https:\/\/yoast.com\/product\/yoast-seo-wordpress\/ -->\n<title>Marketing Digital en Valencia: Conectando tu Marca con el Mundo - Kits cominicaci\u00f3n<\/title>\n<meta name=\"robots\" content=\"index, follow, max-snippet:-1, max-image-preview:large, max-video-preview:-1\" \/>\n<link rel=\"canonical\" href=\"https:\/\/kitscomunicacion.com\/index.php\/2024\/02\/09\/marketing-digital-en-valencia-conectando-tu-marca-con-el-mundo\/\" \/>\n<meta property=\"og:locale\" content=\"es_ES\" \/>\n<meta property=\"og:type\" content=\"article\" \/>\n<meta property=\"og:title\" content=\"Marketing Digital en Valencia: Conectando tu Marca con el Mundo - Kits cominicaci\u00f3n\" \/>\n<meta property=\"og:description\" content=\"En [Nombre de la Empresa], somos tu puente hacia el \u00e9xito digital en Valencia. Nuestra pasi\u00f3n por la innovaci\u00f3n y nuestro profundo conocimiento del mercado local nos convierten en el aliado perfecto para tu negocio. Desde las vibrantes calles de Ciutat Vella hasta la innovadora Ciudad de las Artes y las Ciencias, Valencia es un [&hellip;]\" \/>\n<meta property=\"og:url\" content=\"https:\/\/kitscomunicacion.com\/index.php\/2024\/02\/09\/marketing-digital-en-valencia-conectando-tu-marca-con-el-mundo\/\" \/>\n<meta property=\"og:site_name\" content=\"Kits cominicaci\u00f3n\" \/>\n<meta property=\"article:publisher\" content=\"https:\/\/www.facebook.com\/kitscomunicacion\" \/>\n<meta property=\"article:published_time\" content=\"2024-02-09T07:21:54+00:00\" \/>\n<meta property=\"article:modified_time\" content=\"2024-02-09T07:21:55+00:00\" \/>\n<meta property=\"og:image\" content=\"https:\/\/kitscomunicacion.com\/wp-content\/uploads\/2024\/02\/DALL\u00b7E-2024-02-09-08.01.51-Una-ilustracion-vectorial-horizontal-que-representa-el-marketing-digital-en-Valencia-Espana.-La-imagen-muestra-profesionales-del-marketing-trabajando.webp\" \/>\n\t<meta property=\"og:image:width\" content=\"1792\" \/>\n\t<meta property=\"og:image:height\" content=\"1024\" \/>\n\t<meta property=\"og:image:type\" content=\"image\/webp\" \/>\n<meta name=\"author\" content=\"admin\" \/>\n<meta name=\"twitter:card\" content=\"summary_large_image\" \/>\n<meta name=\"twitter:label1\" content=\"Escrito por\" \/>\n\t<meta name=\"twitter:data1\" content=\"admin\" \/>\n\t<meta name=\"twitter:label2\" content=\"Tiempo de lectura\" \/>\n\t<meta name=\"twitter:data2\" content=\"1 minuto\" \/>\n<script type=\"application\/ld+json\" class=\"yoast-schema-graph\">{\"@context\":\"https:\\\/\\\/schema.org\",\"@graph\":[{\"@type\":\"Article\",\"@id\":\"https:\\\/\\\/kitscomunicacion.com\\\/index.php\\\/2024\\\/02\\\/09\\\/marketing-digital-en-valencia-conectando-tu-marca-con-el-mundo\\\/#article\",\"isPartOf\":{\"@id\":\"https:\\\/\\\/kitscomunicacion.com\\\/index.php\\\/2024\\\/02\\\/09\\\/marketing-digital-en-valencia-conectando-tu-marca-con-el-mundo\\\/\"},\"author\":{\"name\":\"admin\",\"@id\":\"https:\\\/\\\/kitscomunicacion.com\\\/#\\\/schema\\\/person\\\/73bef1a7fbd9b60f5c1594005f62cbc8\"},\"headline\":\"Marketing Digital en Valencia: Conectando tu Marca con el Mundo\",\"datePublished\":\"2024-02-09T07:21:54+00:00\",\"dateModified\":\"2024-02-09T07:21:55+00:00\",\"mainEntityOfPage\":{\"@id\":\"https:\\\/\\\/kitscomunicacion.com\\\/index.php\\\/2024\\\/02\\\/09\\\/marketing-digital-en-valencia-conectando-tu-marca-con-el-mundo\\\/\"},\"wordCount\":184,\"commentCount\":0,\"publisher\":{\"@id\":\"https:\\\/\\\/kitscomunicacion.com\\\/#organization\"},\"image\":{\"@id\":\"https:\\\/\\\/kitscomunicacion.com\\\/index.php\\\/2024\\\/02\\\/09\\\/marketing-digital-en-valencia-conectando-tu-marca-con-el-mundo\\\/#primaryimage\"},\"thumbnailUrl\":\"https:\\\/\\\/kitscomunicacion.com\\\/wp-content\\\/uploads\\\/2024\\\/02\\\/DALL\u00b7E-2024-02-09-08.01.51-Una-ilustracion-vectorial-horizontal-que-representa-el-marketing-digital-en-Valencia-Espana.-La-imagen-muestra-profesionales-del-marketing-trabajando.webp\",\"articleSection\":[\"Social Media\"],\"inLanguage\":\"es\",\"potentialAction\":[{\"@type\":\"CommentAction\",\"name\":\"Comment\",\"target\":[\"https:\\\/\\\/kitscomunicacion.com\\\/index.php\\\/2024\\\/02\\\/09\\\/marketing-digital-en-valencia-conectando-tu-marca-con-el-mundo\\\/#respond\"]}]},{\"@type\":\"WebPage\",\"@id\":\"https:\\\/\\\/kitscomunicacion.com\\\/index.php\\\/2024\\\/02\\\/09\\\/marketing-digital-en-valencia-conectando-tu-marca-con-el-mundo\\\/\",\"url\":\"https:\\\/\\\/kitscomunicacion.com\\\/index.php\\\/2024\\\/02\\\/09\\\/marketing-digital-en-valencia-conectando-tu-marca-con-el-mundo\\\/\",\"name\":\"Marketing Digital en Valencia: Conectando tu Marca con el Mundo - Kits cominicaci\u00f3n\",\"isPartOf\":{\"@id\":\"https:\\\/\\\/kitscomunicacion.com\\\/#website\"},\"primaryImageOfPage\":{\"@id\":\"https:\\\/\\\/kitscomunicacion.com\\\/index.php\\\/2024\\\/02\\\/09\\\/marketing-digital-en-valencia-conectando-tu-marca-con-el-mundo\\\/#primaryimage\"},\"image\":{\"@id\":\"https:\\\/\\\/kitscomunicacion.com\\\/index.php\\\/2024\\\/02\\\/09\\\/marketing-digital-en-valencia-conectando-tu-marca-con-el-mundo\\\/#primaryimage\"},\"thumbnailUrl\":\"https:\\\/\\\/kitscomunicacion.com\\\/wp-content\\\/uploads\\\/2024\\\/02\\\/DALL\u00b7E-2024-02-09-08.01.51-Una-ilustracion-vectorial-horizontal-que-representa-el-marketing-digital-en-Valencia-Espana.-La-imagen-muestra-profesionales-del-marketing-trabajando.webp\",\"datePublished\":\"2024-02-09T07:21:54+00:00\",\"dateModified\":\"2024-02-09T07:21:55+00:00\",\"breadcrumb\":{\"@id\":\"https:\\\/\\\/kitscomunicacion.com\\\/index.php\\\/2024\\\/02\\\/09\\\/marketing-digital-en-valencia-conectando-tu-marca-con-el-mundo\\\/#breadcrumb\"},\"inLanguage\":\"es\",\"potentialAction\":[{\"@type\":\"ReadAction\",\"target\":[\"https:\\\/\\\/kitscomunicacion.com\\\/index.php\\\/2024\\\/02\\\/09\\\/marketing-digital-en-valencia-conectando-tu-marca-con-el-mundo\\\/\"]}]},{\"@type\":\"ImageObject\",\"inLanguage\":\"es\",\"@id\":\"https:\\\/\\\/kitscomunicacion.com\\\/index.php\\\/2024\\\/02\\\/09\\\/marketing-digital-en-valencia-conectando-tu-marca-con-el-mundo\\\/#primaryimage\",\"url\":\"https:\\\/\\\/kitscomunicacion.com\\\/wp-content\\\/uploads\\\/2024\\\/02\\\/DALL\u00b7E-2024-02-09-08.01.51-Una-ilustracion-vectorial-horizontal-que-representa-el-marketing-digital-en-Valencia-Espana.-La-imagen-muestra-profesionales-del-marketing-trabajando.webp\",\"contentUrl\":\"https:\\\/\\\/kitscomunicacion.com\\\/wp-content\\\/uploads\\\/2024\\\/02\\\/DALL\u00b7E-2024-02-09-08.01.51-Una-ilustracion-vectorial-horizontal-que-representa-el-marketing-digital-en-Valencia-Espana.-La-imagen-muestra-profesionales-del-marketing-trabajando.webp\",\"width\":1792,\"height\":1024},{\"@type\":\"BreadcrumbList\",\"@id\":\"https:\\\/\\\/kitscomunicacion.com\\\/index.php\\\/2024\\\/02\\\/09\\\/marketing-digital-en-valencia-conectando-tu-marca-con-el-mundo\\\/#breadcrumb\",\"itemListElement\":[{\"@type\":\"ListItem\",\"position\":1,\"name\":\"Home\",\"item\":\"https:\\\/\\\/kitscomunicacion.com\\\/\"},{\"@type\":\"ListItem\",\"position\":2,\"name\":\"Marketing Digital en Valencia: Conectando tu Marca con el Mundo\"}]},{\"@type\":\"WebSite\",\"@id\":\"https:\\\/\\\/kitscomunicacion.com\\\/#website\",\"url\":\"https:\\\/\\\/kitscomunicacion.com\\\/\",\"name\":\"Kits cominicaci\u00f3n\",\"description\":\"Marketing digital en Valencia\",\"publisher\":{\"@id\":\"https:\\\/\\\/kitscomunicacion.com\\\/#organization\"},\"alternateName\":\"Marketing digital en Valencia\",\"potentialAction\":[{\"@type\":\"SearchAction\",\"target\":{\"@type\":\"EntryPoint\",\"urlTemplate\":\"https:\\\/\\\/kitscomunicacion.com\\\/?s={search_term_string}\"},\"query-input\":{\"@type\":\"PropertyValueSpecification\",\"valueRequired\":true,\"valueName\":\"search_term_string\"}}],\"inLanguage\":\"es\"},{\"@type\":\"Organization\",\"@id\":\"https:\\\/\\\/kitscomunicacion.com\\\/#organization\",\"name\":\"Kits cominicaci\u00f3n\",\"url\":\"https:\\\/\\\/kitscomunicacion.com\\\/\",\"logo\":{\"@type\":\"ImageObject\",\"inLanguage\":\"es\",\"@id\":\"https:\\\/\\\/kitscomunicacion.com\\\/#\\\/schema\\\/logo\\\/image\\\/\",\"url\":\"https:\\\/\\\/kitscomunicacion.com\\\/wp-content\\\/uploads\\\/2024\\\/03\\\/cropped-Black-White-Minimalist-Letter-MG-Logo.png\",\"contentUrl\":\"https:\\\/\\\/kitscomunicacion.com\\\/wp-content\\\/uploads\\\/2024\\\/03\\\/cropped-Black-White-Minimalist-Letter-MG-Logo.png\",\"width\":407,\"height\":254,\"caption\":\"Kits cominicaci\u00f3n\"},\"image\":{\"@id\":\"https:\\\/\\\/kitscomunicacion.com\\\/#\\\/schema\\\/logo\\\/image\\\/\"},\"sameAs\":[\"https:\\\/\\\/www.facebook.com\\\/kitscomunicacion\"]},{\"@type\":\"Person\",\"@id\":\"https:\\\/\\\/kitscomunicacion.com\\\/#\\\/schema\\\/person\\\/73bef1a7fbd9b60f5c1594005f62cbc8\",\"name\":\"admin\",\"image\":{\"@type\":\"ImageObject\",\"inLanguage\":\"es\",\"@id\":\"https:\\\/\\\/secure.gravatar.com\\\/avatar\\\/70bc4a3e20681894beaf74df29215e9cfe4d7ff033de6ddaa26e0a475d43292f?s=96&d=mm&r=g\",\"url\":\"https:\\\/\\\/secure.gravatar.com\\\/avatar\\\/70bc4a3e20681894beaf74df29215e9cfe4d7ff033de6ddaa26e0a475d43292f?s=96&d=mm&r=g\",\"contentUrl\":\"https:\\\/\\\/secure.gravatar.com\\\/avatar\\\/70bc4a3e20681894beaf74df29215e9cfe4d7ff033de6ddaa26e0a475d43292f?s=96&d=mm&r=g\",\"caption\":\"admin\"},\"sameAs\":[\"https:\\\/\\\/kitscomunicacion.com\"],\"url\":\"https:\\\/\\\/kitscomunicacion.com\\\/index.php\\\/author\\\/vlcseo\\\/\"}]}<\/script>\n<!-- \/ Yoast SEO plugin. -->","yoast_head_json":{"title":"Marketing Digital en Valencia: Conectando tu Marca con el Mundo - Kits cominicaci\u00f3n","robots":{"index":"index","follow":"follow","max-snippet":"max-snippet:-1","max-image-preview":"max-image-preview:large","max-video-preview":"max-video-preview:-1"},"canonical":"https:\/\/kitscomunicacion.com\/index.php\/2024\/02\/09\/marketing-digital-en-valencia-conectando-tu-marca-con-el-mundo\/","og_locale":"es_ES","og_type":"article","og_title":"Marketing Digital en Valencia: Conectando tu Marca con el Mundo - Kits cominicaci\u00f3n","og_description":"En [Nombre de la Empresa], somos tu puente hacia el \u00e9xito digital en Valencia. Nuestra pasi\u00f3n por la innovaci\u00f3n y nuestro profundo conocimiento del mercado local nos convierten en el aliado perfecto para tu negocio. Desde las vibrantes calles de Ciutat Vella hasta la innovadora Ciudad de las Artes y las Ciencias, Valencia es un [&hellip;]","og_url":"https:\/\/kitscomunicacion.com\/index.php\/2024\/02\/09\/marketing-digital-en-valencia-conectando-tu-marca-con-el-mundo\/","og_site_name":"Kits cominicaci\u00f3n","article_publisher":"https:\/\/www.facebook.com\/kitscomunicacion","article_published_time":"2024-02-09T07:21:54+00:00","article_modified_time":"2024-02-09T07:21:55+00:00","og_image":[{"width":1792,"height":1024,"url":"https:\/\/kitscomunicacion.com\/wp-content\/uploads\/2024\/02\/DALL\u00b7E-2024-02-09-08.01.51-Una-ilustracion-vectorial-horizontal-que-representa-el-marketing-digital-en-Valencia-Espana.-La-imagen-muestra-profesionales-del-marketing-trabajando.webp","type":"image\/webp"}],"author":"admin","twitter_card":"summary_large_image","twitter_misc":{"Escrito por":"admin","Tiempo de lectura":"1 minuto"},"schema":{"@context":"https:\/\/schema.org","@graph":[{"@type":"Article","@id":"https:\/\/kitscomunicacion.com\/index.php\/2024\/02\/09\/marketing-digital-en-valencia-conectando-tu-marca-con-el-mundo\/#article","isPartOf":{"@id":"https:\/\/kitscomunicacion.com\/index.php\/2024\/02\/09\/marketing-digital-en-valencia-conectando-tu-marca-con-el-mundo\/"},"author":{"name":"admin","@id":"https:\/\/kitscomunicacion.com\/#\/schema\/person\/73bef1a7fbd9b60f5c1594005f62cbc8"},"headline":"Marketing Digital en Valencia: Conectando tu Marca con el Mundo","datePublished":"2024-02-09T07:21:54+00:00","dateModified":"2024-02-09T07:21:55+00:00","mainEntityOfPage":{"@id":"https:\/\/kitscomunicacion.com\/index.php\/2024\/02\/09\/marketing-digital-en-valencia-conectando-tu-marca-con-el-mundo\/"},"wordCount":184,"commentCount":0,"publisher":{"@id":"https:\/\/kitscomunicacion.com\/#organization"},"image":{"@id":"https:\/\/kitscomunicacion.com\/index.php\/2024\/02\/09\/marketing-digital-en-valencia-conectando-tu-marca-con-el-mundo\/#primaryimage"},"thumbnailUrl":"https:\/\/kitscomunicacion.com\/wp-content\/uploads\/2024\/02\/DALL\u00b7E-2024-02-09-08.01.51-Una-ilustracion-vectorial-horizontal-que-representa-el-marketing-digital-en-Valencia-Espana.-La-imagen-muestra-profesionales-del-marketing-trabajando.webp","articleSection":["Social Media"],"inLanguage":"es","potentialAction":[{"@type":"CommentAction","name":"Comment","target":["https:\/\/kitscomunicacion.com\/index.php\/2024\/02\/09\/marketing-digital-en-valencia-conectando-tu-marca-con-el-mundo\/#respond"]}]},{"@type":"WebPage","@id":"https:\/\/kitscomunicacion.com\/index.php\/2024\/02\/09\/marketing-digital-en-valencia-conectando-tu-marca-con-el-mundo\/","url":"https:\/\/kitscomunicacion.com\/index.php\/2024\/02\/09\/marketing-digital-en-valencia-conectando-tu-marca-con-el-mundo\/","name":"Marketing Digital en Valencia: Conectando tu Marca con el Mundo - Kits cominicaci\u00f3n","isPartOf":{"@id":"https:\/\/kitscomunicacion.com\/#website"},"primaryImageOfPage":{"@id":"https:\/\/kitscomunicacion.com\/index.php\/2024\/02\/09\/marketing-digital-en-valencia-conectando-tu-marca-con-el-mundo\/#primaryimage"},"image":{"@id":"https:\/\/kitscomunicacion.com\/index.php\/2024\/02\/09\/marketing-digital-en-valencia-conectando-tu-marca-con-el-mundo\/#primaryimage"},"thumbnailUrl":"https:\/\/kitscomunicacion.com\/wp-content\/uploads\/2024\/02\/DALL\u00b7E-2024-02-09-08.01.51-Una-ilustracion-vectorial-horizontal-que-representa-el-marketing-digital-en-Valencia-Espana.-La-imagen-muestra-profesionales-del-marketing-trabajando.webp","datePublished":"2024-02-09T07:21:54+00:00","dateModified":"2024-02-09T07:21:55+00:00","breadcrumb":{"@id":"https:\/\/kitscomunicacion.com\/index.php\/2024\/02\/09\/marketing-digital-en-valencia-conectando-tu-marca-con-el-mundo\/#breadcrumb"},"inLanguage":"es","potentialAction":[{"@type":"ReadAction","target":["https:\/\/kitscomunicacion.com\/index.php\/2024\/02\/09\/marketing-digital-en-valencia-conectando-tu-marca-con-el-mundo\/"]}]},{"@type":"ImageObject","inLanguage":"es","@id":"https:\/\/kitscomunicacion.com\/index.php\/2024\/02\/09\/marketing-digital-en-valencia-conectando-tu-marca-con-el-mundo\/#primaryimage","url":"https:\/\/kitscomunicacion.com\/wp-content\/uploads\/2024\/02\/DALL\u00b7E-2024-02-09-08.01.51-Una-ilustracion-vectorial-horizontal-que-representa-el-marketing-digital-en-Valencia-Espana.-La-imagen-muestra-profesionales-del-marketing-trabajando.webp","contentUrl":"https:\/\/kitscomunicacion.com\/wp-content\/uploads\/2024\/02\/DALL\u00b7E-2024-02-09-08.01.51-Una-ilustracion-vectorial-horizontal-que-representa-el-marketing-digital-en-Valencia-Espana.-La-imagen-muestra-profesionales-del-marketing-trabajando.webp","width":1792,"height":1024},{"@type":"BreadcrumbList","@id":"https:\/\/kitscomunicacion.com\/index.php\/2024\/02\/09\/marketing-digital-en-valencia-conectando-tu-marca-con-el-mundo\/#breadcrumb","itemListElement":[{"@type":"ListItem","position":1,"name":"Home","item":"https:\/\/kitscomunicacion.com\/"},{"@type":"ListItem","position":2,"name":"Marketing Digital en Valencia: Conectando tu Marca con el Mundo"}]},{"@type":"WebSite","@id":"https:\/\/kitscomunicacion.com\/#website","url":"https:\/\/kitscomunicacion.com\/","name":"Kits cominicaci\u00f3n","description":"Marketing digital en Valencia","publisher":{"@id":"https:\/\/kitscomunicacion.com\/#organization"},"alternateName":"Marketing digital en Valencia","potentialAction":[{"@type":"SearchAction","target":{"@type":"EntryPoint","urlTemplate":"https:\/\/kitscomunicacion.com\/?s={search_term_string}"},"query-input":{"@type":"PropertyValueSpecification","valueRequired":true,"valueName":"search_term_string"}}],"inLanguage":"es"},{"@type":"Organization","@id":"https:\/\/kitscomunicacion.com\/#organization","name":"Kits cominicaci\u00f3n","url":"https:\/\/kitscomunicacion.com\/","logo":{"@type":"ImageObject","inLanguage":"es","@id":"https:\/\/kitscomunicacion.com\/#\/schema\/logo\/image\/","url":"https:\/\/kitscomunicacion.com\/wp-content\/uploads\/2024\/03\/cropped-Black-White-Minimalist-Letter-MG-Logo.png","contentUrl":"https:\/\/kitscomunicacion.com\/wp-content\/uploads\/2024\/03\/cropped-Black-White-Minimalist-Letter-MG-Logo.png","width":407,"height":254,"caption":"Kits cominicaci\u00f3n"},"image":{"@id":"https:\/\/kitscomunicacion.com\/#\/schema\/logo\/image\/"},"sameAs":["https:\/\/www.facebook.com\/kitscomunicacion"]},{"@type":"Person","@id":"https:\/\/kitscomunicacion.com\/#\/schema\/person\/73bef1a7fbd9b60f5c1594005f62cbc8","name":"admin","image":{"@type":"ImageObject","inLanguage":"es","@id":"https:\/\/secure.gravatar.com\/avatar\/70bc4a3e20681894beaf74df29215e9cfe4d7ff033de6ddaa26e0a475d43292f?s=96&d=mm&r=g","url":"https:\/\/secure.gravatar.com\/avatar\/70bc4a3e20681894beaf74df29215e9cfe4d7ff033de6ddaa26e0a475d43292f?s=96&d=mm&r=g","contentUrl":"https:\/\/secure.gravatar.com\/avatar\/70bc4a3e20681894beaf74df29215e9cfe4d7ff033de6ddaa26e0a475d43292f?s=96&d=mm&r=g","caption":"admin"},"sameAs":["https:\/\/kitscomunicacion.com"],"url":"https:\/\/kitscomunicacion.com\/index.php\/author\/vlcseo\/"}]}},"jetpack_featured_media_url":"https:\/\/kitscomunicacion.com\/wp-content\/uploads\/2024\/02\/DALL\u00b7E-2024-02-09-08.01.51-Una-ilustracion-vectorial-horizontal-que-representa-el-marketing-digital-en-Valencia-Espana.-La-imagen-muestra-profesionales-del-marketing-trabajando.webp","_links":{"self":[{"href":"https:\/\/kitscomunicacion.com\/index.php\/wp-json\/wp\/v2\/posts\/1167","targetHints":{"allow":["GET"]}}],"collection":[{"href":"https:\/\/kitscomunicacion.com\/index.php\/wp-json\/wp\/v2\/posts"}],"about":[{"href":"https:\/\/kitscomunicacion.com\/index.php\/wp-json\/wp\/v2\/types\/post"}],"author":[{"embeddable":true,"href":"https:\/\/kitscomunicacion.com\/index.php\/wp-json\/wp\/v2\/users\/1"}],"replies":[{"embeddable":true,"href":"https:\/\/kitscomunicacion.com\/index.php\/wp-json\/wp\/v2\/comments?post=1167"}],"version-history":[{"count":1,"href":"https:\/\/kitscomunicacion.com\/index.php\/wp-json\/wp\/v2\/posts\/1167\/revisions"}],"predecessor-version":[{"id":1171,"href":"https:\/\/kitscomunicacion.com\/index.php\/wp-json\/wp\/v2\/posts\/1167\/revisions\/1171"}],"wp:featuredmedia":[{"embeddable":true,"href":"https:\/\/kitscomunicacion.com\/index.php\/wp-json\/wp\/v2\/media\/1169"}],"wp:attachment":[{"href":"https:\/\/kitscomunicacion.com\/index.php\/wp-json\/wp\/v2\/media?parent=1167"}],"wp:term":[{"taxonomy":"category","embeddable":true,"href":"https:\/\/kitscomunicacion.com\/index.php\/wp-json\/wp\/v2\/categories?post=1167"},{"taxonomy":"post_tag","embeddable":true,"href":"https:\/\/kitscomunicacion.com\/index.php\/wp-json\/wp\/v2\/tags?post=1167"}],"curies":[{"name":"wp","href":"https:\/\/api.w.org\/{rel}","templated":true}]}}